{"id":407,"date":"2020-01-27T22:20:31","date_gmt":"2020-01-27T21:20:31","guid":{"rendered":"https:\/\/asclepios.co\/?p=407"},"modified":"2020-01-27T22:20:31","modified_gmt":"2020-01-27T21:20:31","slug":"program-skole-za-bazalnu-stimulaciju-ii","status":"publish","type":"post","link":"https:\/\/asclepios.co\/?p=407","title":{"rendered":"Program \u0161kole za bazalnu stimulaciju II"},"content":{"rendered":"<p><strong>PROGRAM II \u0160KOLE\u00a0<\/strong><\/p>\n<p><strong>ZA BAZALNU STIMULACIJU<\/strong><\/p>\n<p>Holi Akademija<\/p>\n<p>Ul. Kneginje Ljubice 12<\/p>\n<p>Beograd<\/p>\n<p><strong>\u00a0<\/strong><\/p>\n<p><strong>I modul 8. i 9. 02. od 12 do 18 h<\/strong><\/p>\n<p><strong>Energetske osnove ljudskog bi\u0107a<\/strong><\/p>\n<p><strong>Predava\u010d Dr Mirjana MI\u0107ovi\u0107<\/strong><\/p>\n<p>Teme:<\/p>\n<p>\u0160ta je ljudsko bi\u0107e<\/p>\n<p>Holisti\u010dki pristup razumevanju ljudskog bi\u0107a<\/p>\n<p>Energija I vibracija, kao osnov ljudskog postojanja<\/p>\n<p>Tehnike disanja, prakti\u010dno I teorijski<\/p>\n<p>Autogeni trening,prakti\u010dno I teorijski<\/p>\n<p>Tehnike samopomo\u0107i, prakti\u010dno I teprijski<\/p>\n<p>Tehnike zasnovane na svesti,prakti\u010dno I teorijski<\/p>\n<p>&nbsp;<\/p>\n<p><strong>II modul 14. i 15. 03. od 12 do 18 h<\/strong><\/p>\n<p><strong>Taktilna , vibraciona i somatska stimulacija<\/strong><\/p>\n<p><strong>Predava\u010d Danijela Marjanovi\u0107, somatoped<\/strong><\/p>\n<p>Teme:<\/p>\n<p>Somatska stimulacija<\/p>\n<p>Ve\u017ebe \u00a0psihomotornog \u00a0i senzomotornog razvoja<\/p>\n<p>Rana stimulacija od rodjenja do godinu dana \u017eivota<\/p>\n<p>Dodir, kao prvi komunikacioni kanal<\/p>\n<p>Tehnike dodirom\u00a0 za pobolj\u0161anje op\u0161teg stanja ljudskog bi\u0107a<\/p>\n<p>Tehnike dodirom\u00a0 u terapiji neurolo\u0161kih I psihosomatskih oboljenja<\/p>\n<p>Masa\u017ea, vrste masa\u017ea , prakti\u010dno I teorijski<\/p>\n<p>Vibracija, teorijski pristup<\/p>\n<p>Vibracija, prakti\u010dni pristup- upoznavanje sa na\u010dinima stimulacije zvu\u010dnim \u010dinijama, zvu\u010dnim vilju\u0161kama, \u017ei\u010danim instrumentima I sl.<\/p>\n<p>Vestibularno \u010dulo, novo \u010dulo u neurologiji<\/p>\n<p><strong>\u00a0<\/strong><\/p>\n<p><strong>III modul 4. i 5. 04. od 12 do 18 h<\/strong><\/p>\n<p><strong>Olfaktorna I vizuelna stimulacija<\/strong><\/p>\n<p><strong>Predava\u010di Milka Rai\u010devi\u0107, aromaterapeut<\/strong><\/p>\n<p><strong> Danijela Marjanovi\u0107, somatoped<\/strong><\/p>\n<p><strong> Verica Ili\u0107, slikarka<\/strong><\/p>\n<p>Teme:<\/p>\n<p>Poreklo mirisa u prirodi<\/p>\n<p>Fiziologija olfaktornog sistema ljudskog bi\u0107a<\/p>\n<p>Izvori lekovitih mirisa I aroma u biljnom svetu<\/p>\n<p>Na\u010dini ekstrakcije I proizvodnje aromati\u010dnih ulja<\/p>\n<p>Vrste aromati\u010dnih ulja, prakti\u010dno I teorijski<\/p>\n<p>Medicinski zna\u010daj aromati\u010dnih ulja<\/p>\n<p>Psiholo\u0161ki profil li\u010dnosti I aromati\u010dna ulja, prakti\u010dno I teorijski<\/p>\n<p>Terapija bojama, osnovna postavka<\/p>\n<p>Boja-vibracija-frekvenca<\/p>\n<p>Uticaj boja na psihofizi\u010dko stanje \u010doveka<\/p>\n<p>Emocije I boje ( radionica sa slikarkom)<\/p>\n<p>&nbsp;<\/p>\n<p><strong>IV modul 9. i 10. 05. od 12 do 18 h<\/strong><\/p>\n<p><strong>Gustativna stimulacija I muzikoterapija<\/strong><\/p>\n<p><strong>Predava\u010di\u00a0 Danijela Marjanovi\u0107, somatoped<\/strong><\/p>\n<p><strong> Milka Rai\u010devi\u0107, nutricionista<\/strong><\/p>\n<p><strong> Dr Mirjana MI\u0107ovi\u0107,pedijatar<\/strong><\/p>\n<p>Jasna Ristovski Luki\u0107, muzikolog<\/p>\n<p>Teme:<\/p>\n<p>Fiziologija ukusa I anatomija usne duplje<\/p>\n<p>Sisanje, \u017evakanje, pre\u017eivanje<\/p>\n<p>Razvoj oralne faze u de\u010djem uzrastu<\/p>\n<p>Balansirana ishrana, \u0161ta je to<\/p>\n<p>Specijane\u00a0 vrste ishrana, vegetarijanska, presna, keto I td.<\/p>\n<p>Na\u010dini obrade namirnica I priprema obroka u zavisnosti od problematike pacijenta<\/p>\n<p>Muzika-vibracija-energija<\/p>\n<p>Osnovi muzikoterapije, muzika kao lek , teorija I praksa<\/p>\n<p>Zna\u010daj muzike za razvoj bihevioralnih I kognitivnih funkcija ljudskog bi\u0107a<\/p>\n<p>&nbsp;<\/p>\n<p><strong>V modul \u00a025. 05. od 12 do 18 h\u00a0<\/strong><\/p>\n<p><strong> Prakti\u010dan rad sa pacijentima<\/strong><\/p>\n<p><strong>VI modul 26. 05. od 12 do 18 h<\/strong><\/p>\n<p><strong> Prakti\u010dan rad sa pacijentima<\/strong><\/p>\n<p>&nbsp;<\/p>\n<h4><strong>VII modul 6. i 7. 06. od 12 do 18 h <\/strong><\/h4>\n<h4><strong>Koncept Bazalne stimulacije u Evropskoj Uniji<\/strong><\/h4>\n<p><strong>Predava\u010d Milenka Barovi\u0107 Ubavi\u0107<\/strong><\/p>\n<p><strong> internacionalni, sertifikovani trener za Bazalnu stimulaciju, Cirih<\/strong><\/p>\n<p>Rasprostranjenost , primena i rezultati\u00a0 nakon porimene Bazalne stimulacije<\/p>\n<p>u medicinskim centrima \u0161irom Evrope<\/p>\n<p>Organizacija \u0161kolovanja bazalnih terapeuta u Evropi<\/p>\n<p>Bazalna stimulacija kao koncept nege u ku\u0107nim uslovima i<\/p>\n<p>kod pacijenata na palijativnom zbrinjavanju<\/p>\n<p>Ispit, teorijski I prakti\u010dni<\/p>\n<p>Podela sertifikata<\/p>\n<p>Diskusija<\/p>\n<p>****************************************************************************<\/p>\n<p><strong>Kontakt<\/strong>\u00a0 Danijela Marjanovi\u0107\u00a0 0638661422, Dr Mirjana Mi\u0107ovi\u0107 060 1590868<\/p>\n<p>\u0160kola Bazalne stimulacije je akreditovana <strong>pri Lekarskoj komori i nosi 6 bodova<\/strong> za slu\u0161aoce.<\/p>\n<p>Polaznici na kraju \u0161kole, nakon polo\u017eenog ispita, dobijaju sertifikat <strong>Bazalni terapeut<\/strong> koji izdaje<\/p>\n<p>Udru\u017eenje Bazalne stimulacije iz Ciriha I <strong>va\u017ei u celoj Evropskoj Uniji<\/strong>.<\/p>\n<p><strong>Cena \u0161kole je 60000 dinara<\/strong> i mogu\u010de je platiti\u00a0 u\u00a0 pet rata.<\/p>\n<p>Dobrodo\u0161li!<\/p>\n<p>&nbsp;<\/p>\n<p>&nbsp;<\/p>\n<p>&nbsp;<\/p>\n<p>&nbsp;<\/p>\n","protected":false},"excerpt":{"rendered":"<p>PROGRAM II \u0160KOLE\u00a0 ZA BAZALNU STIMULACIJU Holi Akademija Ul. Kneginje Ljubice 12 Beograd \u00a0 I modul 8. i 9. 02. od 12 do 18 h Energetske osnove ljudskog bi\u0107a Predava\u010d Dr Mirjana MI\u0107ovi\u0107 Teme: \u0160ta je ljudsko bi\u0107e Holisti\u010dki pristup razumevanju ljudskog bi\u0107a Energija I vibracija, kao osnov ljudskog postojanja Tehnike disanja, prakti\u010dno I teorijski [&hellip;]<\/p>\n","protected":false},"author":2,"featured_media":410,"comment_status":"open","ping_status":"open","sticky":false,"template":"","format":"standard","meta":{"_et_pb_use_builder":"","_et_pb_old_content":"","_et_gb_content_width":"","footnotes":""},"categories":[1,18,15],"tags":[],"class_list":["post-407","post","type-post","status-publish","format-standard","has-post-thumbnail","hentry","category-holi-akademija","category-skola-bazalne-stimulacije","category-tretmani-holi-akademija","et-has-post-format-content","et_post_format-et-post-format-standard"],"yoast_head":"<!-- This site is optimized with the Yoast SEO plugin v27.2 - https:\/\/yoast.com\/product\/yoast-seo-wordpress\/ -->\n<title>Program \u0161kole za bazalnu stimulaciju II - Asclepios - asclepios.co<\/title>\n<meta name=\"description\" content=\"\u0160kola bazalne stimulacije II po\u010dinje 7. februara 2020. godine u Holi Akademiji, u organizaciji udru\u017eenja Asklepios iz Beograda. Program \u010dini 7modula\" \/>\n<meta name=\"robots\" content=\"index, follow, max-snippet:-1, max-image-preview:large, max-video-preview:-1\" \/>\n<link rel=\"canonical\" href=\"https:\/\/asclepios.co\/?p=407\" \/>\n<meta property=\"og:locale\" content=\"en_US\" \/>\n<meta property=\"og:type\" content=\"article\" \/>\n<meta property=\"og:title\" content=\"Program \u0161kole za bazalnu stimulaciju II - Asclepios - asclepios.co\" \/>\n<meta property=\"og:description\" content=\"\u0160kola bazalne stimulacije II po\u010dinje 7. februara 2020. godine u Holi Akademiji, u organizaciji udru\u017eenja Asklepios iz Beograda. Program \u010dini 7modula\" \/>\n<meta property=\"og:url\" content=\"https:\/\/asclepios.co\/?p=407\" \/>\n<meta property=\"og:site_name\" content=\"Asclepios - asclepios.co\" \/>\n<meta property=\"article:published_time\" content=\"2020-01-27T21:20:31+00:00\" \/>\n<meta property=\"og:image\" content=\"https:\/\/asclepios.co\/wp-content\/uploads\/2020\/01\/bazalna-stimulacija.jpeg\" \/>\n\t<meta property=\"og:image:width\" content=\"500\" \/>\n\t<meta property=\"og:image:height\" content=\"405\" \/>\n\t<meta property=\"og:image:type\" content=\"image\/jpeg\" \/>\n<meta name=\"author\" content=\"Dr Mirjana Mi\u0107ovi\u0107\" \/>\n<meta name=\"twitter:card\" content=\"summary_large_image\" \/>\n<meta name=\"twitter:label1\" content=\"Written by\" \/>\n\t<meta name=\"twitter:data1\" content=\"Dr Mirjana Mi\u0107ovi\u0107\" \/>\n\t<meta name=\"twitter:label2\" content=\"Est. reading time\" \/>\n\t<meta name=\"twitter:data2\" content=\"3 minutes\" \/>\n<script type=\"application\/ld+json\" class=\"yoast-schema-graph\">{\"@context\":\"https:\/\/schema.org\",\"@graph\":[{\"@type\":\"Article\",\"@id\":\"https:\/\/asclepios.co\/?p=407#article\",\"isPartOf\":{\"@id\":\"https:\/\/asclepios.co\/?p=407\"},\"author\":{\"name\":\"Dr Mirjana Mi\u0107ovi\u0107\",\"@id\":\"https:\/\/asclepios.co\/#\/schema\/person\/e6362bb6cef51dc808a7abf0f7a0d52c\"},\"headline\":\"Program \u0161kole za bazalnu stimulaciju II\",\"datePublished\":\"2020-01-27T21:20:31+00:00\",\"mainEntityOfPage\":{\"@id\":\"https:\/\/asclepios.co\/?p=407\"},\"wordCount\":518,\"commentCount\":0,\"image\":{\"@id\":\"https:\/\/asclepios.co\/?p=407#primaryimage\"},\"thumbnailUrl\":\"https:\/\/asclepios.co\/wp-content\/uploads\/2020\/01\/bazalna-stimulacija.jpeg\",\"articleSection\":[\"Holi akademija\",\"\u0160kola bazalne stimulacije II\",\"Tretmani\"],\"inLanguage\":\"en-US\",\"potentialAction\":[{\"@type\":\"CommentAction\",\"name\":\"Comment\",\"target\":[\"https:\/\/asclepios.co\/?p=407#respond\"]}]},{\"@type\":\"WebPage\",\"@id\":\"https:\/\/asclepios.co\/?p=407\",\"url\":\"https:\/\/asclepios.co\/?p=407\",\"name\":\"Program \u0161kole za bazalnu stimulaciju II - Asclepios - asclepios.co\",\"isPartOf\":{\"@id\":\"https:\/\/asclepios.co\/#website\"},\"primaryImageOfPage\":{\"@id\":\"https:\/\/asclepios.co\/?p=407#primaryimage\"},\"image\":{\"@id\":\"https:\/\/asclepios.co\/?p=407#primaryimage\"},\"thumbnailUrl\":\"https:\/\/asclepios.co\/wp-content\/uploads\/2020\/01\/bazalna-stimulacija.jpeg\",\"datePublished\":\"2020-01-27T21:20:31+00:00\",\"author\":{\"@id\":\"https:\/\/asclepios.co\/#\/schema\/person\/e6362bb6cef51dc808a7abf0f7a0d52c\"},\"description\":\"\u0160kola bazalne stimulacije II po\u010dinje 7. februara 2020. godine u Holi Akademiji, u organizaciji udru\u017eenja Asklepios iz Beograda. Program \u010dini 7modula\",\"breadcrumb\":{\"@id\":\"https:\/\/asclepios.co\/?p=407#breadcrumb\"},\"inLanguage\":\"en-US\",\"potentialAction\":[{\"@type\":\"ReadAction\",\"target\":[\"https:\/\/asclepios.co\/?p=407\"]}]},{\"@type\":\"ImageObject\",\"inLanguage\":\"en-US\",\"@id\":\"https:\/\/asclepios.co\/?p=407#primaryimage\",\"url\":\"https:\/\/asclepios.co\/wp-content\/uploads\/2020\/01\/bazalna-stimulacija.jpeg\",\"contentUrl\":\"https:\/\/asclepios.co\/wp-content\/uploads\/2020\/01\/bazalna-stimulacija.jpeg\",\"width\":500,\"height\":405,\"caption\":\"\u0161\u0111kola bazalna stimulacij\"},{\"@type\":\"BreadcrumbList\",\"@id\":\"https:\/\/asclepios.co\/?p=407#breadcrumb\",\"itemListElement\":[{\"@type\":\"ListItem\",\"position\":1,\"name\":\"Home\",\"item\":\"https:\/\/asclepios.co\/\"},{\"@type\":\"ListItem\",\"position\":2,\"name\":\"Program \u0161kole za bazalnu stimulaciju II\"}]},{\"@type\":\"WebSite\",\"@id\":\"https:\/\/asclepios.co\/#website\",\"url\":\"https:\/\/asclepios.co\/\",\"name\":\"Asclepios - asclepios.co\",\"description\":\"Udru\u017eenje Asklepios\",\"potentialAction\":[{\"@type\":\"SearchAction\",\"target\":{\"@type\":\"EntryPoint\",\"urlTemplate\":\"https:\/\/asclepios.co\/?s={search_term_string}\"},\"query-input\":{\"@type\":\"PropertyValueSpecification\",\"valueRequired\":true,\"valueName\":\"search_term_string\"}}],\"inLanguage\":\"en-US\"},{\"@type\":\"Person\",\"@id\":\"https:\/\/asclepios.co\/#\/schema\/person\/e6362bb6cef51dc808a7abf0f7a0d52c\",\"name\":\"Dr Mirjana Mi\u0107ovi\u0107\",\"image\":{\"@type\":\"ImageObject\",\"inLanguage\":\"en-US\",\"@id\":\"https:\/\/secure.gravatar.com\/avatar\/696049c36ed4bae1170cc0c4a0c1fad4a3d349cf7f2c91febf5eed301846a86d?s=96&d=mm&r=g\",\"url\":\"https:\/\/secure.gravatar.com\/avatar\/696049c36ed4bae1170cc0c4a0c1fad4a3d349cf7f2c91febf5eed301846a86d?s=96&d=mm&r=g\",\"contentUrl\":\"https:\/\/secure.gravatar.com\/avatar\/696049c36ed4bae1170cc0c4a0c1fad4a3d349cf7f2c91febf5eed301846a86d?s=96&d=mm&r=g\",\"caption\":\"Dr Mirjana Mi\u0107ovi\u0107\"},\"sameAs\":[\"https:\/\/asclepios.co\"],\"url\":\"https:\/\/asclepios.co\/?author=2\"}]}<\/script>\n<!-- \/ Yoast SEO plugin. -->","yoast_head_json":{"title":"Program \u0161kole za bazalnu stimulaciju II - Asclepios - asclepios.co","description":"\u0160kola bazalne stimulacije II po\u010dinje 7. februara 2020. godine u Holi Akademiji, u organizaciji udru\u017eenja Asklepios iz Beograda. Program \u010dini 7modula","robots":{"index":"index","follow":"follow","max-snippet":"max-snippet:-1","max-image-preview":"max-image-preview:large","max-video-preview":"max-video-preview:-1"},"canonical":"https:\/\/asclepios.co\/?p=407","og_locale":"en_US","og_type":"article","og_title":"Program \u0161kole za bazalnu stimulaciju II - Asclepios - asclepios.co","og_description":"\u0160kola bazalne stimulacije II po\u010dinje 7. februara 2020. godine u Holi Akademiji, u organizaciji udru\u017eenja Asklepios iz Beograda. Program \u010dini 7modula","og_url":"https:\/\/asclepios.co\/?p=407","og_site_name":"Asclepios - asclepios.co","article_published_time":"2020-01-27T21:20:31+00:00","og_image":[{"width":500,"height":405,"url":"https:\/\/asclepios.co\/wp-content\/uploads\/2020\/01\/bazalna-stimulacija.jpeg","type":"image\/jpeg"}],"author":"Dr Mirjana Mi\u0107ovi\u0107","twitter_card":"summary_large_image","twitter_misc":{"Written by":"Dr Mirjana Mi\u0107ovi\u0107","Est. reading time":"3 minutes"},"schema":{"@context":"https:\/\/schema.org","@graph":[{"@type":"Article","@id":"https:\/\/asclepios.co\/?p=407#article","isPartOf":{"@id":"https:\/\/asclepios.co\/?p=407"},"author":{"name":"Dr Mirjana Mi\u0107ovi\u0107","@id":"https:\/\/asclepios.co\/#\/schema\/person\/e6362bb6cef51dc808a7abf0f7a0d52c"},"headline":"Program \u0161kole za bazalnu stimulaciju II","datePublished":"2020-01-27T21:20:31+00:00","mainEntityOfPage":{"@id":"https:\/\/asclepios.co\/?p=407"},"wordCount":518,"commentCount":0,"image":{"@id":"https:\/\/asclepios.co\/?p=407#primaryimage"},"thumbnailUrl":"https:\/\/asclepios.co\/wp-content\/uploads\/2020\/01\/bazalna-stimulacija.jpeg","articleSection":["Holi akademija","\u0160kola bazalne stimulacije II","Tretmani"],"inLanguage":"en-US","potentialAction":[{"@type":"CommentAction","name":"Comment","target":["https:\/\/asclepios.co\/?p=407#respond"]}]},{"@type":"WebPage","@id":"https:\/\/asclepios.co\/?p=407","url":"https:\/\/asclepios.co\/?p=407","name":"Program \u0161kole za bazalnu stimulaciju II - Asclepios - asclepios.co","isPartOf":{"@id":"https:\/\/asclepios.co\/#website"},"primaryImageOfPage":{"@id":"https:\/\/asclepios.co\/?p=407#primaryimage"},"image":{"@id":"https:\/\/asclepios.co\/?p=407#primaryimage"},"thumbnailUrl":"https:\/\/asclepios.co\/wp-content\/uploads\/2020\/01\/bazalna-stimulacija.jpeg","datePublished":"2020-01-27T21:20:31+00:00","author":{"@id":"https:\/\/asclepios.co\/#\/schema\/person\/e6362bb6cef51dc808a7abf0f7a0d52c"},"description":"\u0160kola bazalne stimulacije II po\u010dinje 7. februara 2020. godine u Holi Akademiji, u organizaciji udru\u017eenja Asklepios iz Beograda. Program \u010dini 7modula","breadcrumb":{"@id":"https:\/\/asclepios.co\/?p=407#breadcrumb"},"inLanguage":"en-US","potentialAction":[{"@type":"ReadAction","target":["https:\/\/asclepios.co\/?p=407"]}]},{"@type":"ImageObject","inLanguage":"en-US","@id":"https:\/\/asclepios.co\/?p=407#primaryimage","url":"https:\/\/asclepios.co\/wp-content\/uploads\/2020\/01\/bazalna-stimulacija.jpeg","contentUrl":"https:\/\/asclepios.co\/wp-content\/uploads\/2020\/01\/bazalna-stimulacija.jpeg","width":500,"height":405,"caption":"\u0161\u0111kola bazalna stimulacij"},{"@type":"BreadcrumbList","@id":"https:\/\/asclepios.co\/?p=407#breadcrumb","itemListElement":[{"@type":"ListItem","position":1,"name":"Home","item":"https:\/\/asclepios.co\/"},{"@type":"ListItem","position":2,"name":"Program \u0161kole za bazalnu stimulaciju II"}]},{"@type":"WebSite","@id":"https:\/\/asclepios.co\/#website","url":"https:\/\/asclepios.co\/","name":"Asclepios - asclepios.co","description":"Udru\u017eenje Asklepios","potentialAction":[{"@type":"SearchAction","target":{"@type":"EntryPoint","urlTemplate":"https:\/\/asclepios.co\/?s={search_term_string}"},"query-input":{"@type":"PropertyValueSpecification","valueRequired":true,"valueName":"search_term_string"}}],"inLanguage":"en-US"},{"@type":"Person","@id":"https:\/\/asclepios.co\/#\/schema\/person\/e6362bb6cef51dc808a7abf0f7a0d52c","name":"Dr Mirjana Mi\u0107ovi\u0107","image":{"@type":"ImageObject","inLanguage":"en-US","@id":"https:\/\/secure.gravatar.com\/avatar\/696049c36ed4bae1170cc0c4a0c1fad4a3d349cf7f2c91febf5eed301846a86d?s=96&d=mm&r=g","url":"https:\/\/secure.gravatar.com\/avatar\/696049c36ed4bae1170cc0c4a0c1fad4a3d349cf7f2c91febf5eed301846a86d?s=96&d=mm&r=g","contentUrl":"https:\/\/secure.gravatar.com\/avatar\/696049c36ed4bae1170cc0c4a0c1fad4a3d349cf7f2c91febf5eed301846a86d?s=96&d=mm&r=g","caption":"Dr Mirjana Mi\u0107ovi\u0107"},"sameAs":["https:\/\/asclepios.co"],"url":"https:\/\/asclepios.co\/?author=2"}]}},"_links":{"self":[{"href":"https:\/\/asclepios.co\/index.php?rest_route=\/wp\/v2\/posts\/407","targetHints":{"allow":["GET"]}}],"collection":[{"href":"https:\/\/asclepios.co\/index.php?rest_route=\/wp\/v2\/posts"}],"about":[{"href":"https:\/\/asclepios.co\/index.php?rest_route=\/wp\/v2\/types\/post"}],"author":[{"embeddable":true,"href":"https:\/\/asclepios.co\/index.php?rest_route=\/wp\/v2\/users\/2"}],"replies":[{"embeddable":true,"href":"https:\/\/asclepios.co\/index.php?rest_route=%2Fwp%2Fv2%2Fcomments&post=407"}],"version-history":[{"count":2,"href":"https:\/\/asclepios.co\/index.php?rest_route=\/wp\/v2\/posts\/407\/revisions"}],"predecessor-version":[{"id":409,"href":"https:\/\/asclepios.co\/index.php?rest_route=\/wp\/v2\/posts\/407\/revisions\/409"}],"wp:featuredmedia":[{"embeddable":true,"href":"https:\/\/asclepios.co\/index.php?rest_route=\/wp\/v2\/media\/410"}],"wp:attachment":[{"href":"https:\/\/asclepios.co\/index.php?rest_route=%2Fwp%2Fv2%2Fmedia&parent=407"}],"wp:term":[{"taxonomy":"category","embeddable":true,"href":"https:\/\/asclepios.co\/index.php?rest_route=%2Fwp%2Fv2%2Fcategories&post=407"},{"taxonomy":"post_tag","embeddable":true,"href":"https:\/\/asclepios.co\/index.php?rest_route=%2Fwp%2Fv2%2Ftags&post=407"}],"curies":[{"name":"wp","href":"https:\/\/api.w.org\/{rel}","templated":true}]}}